{"id":6814,"date":"2024-03-10T17:32:18","date_gmt":"2024-03-10T20:32:18","guid":{"rendered":"https:\/\/schoueri.com.br\/en\/?p=6814"},"modified":"2025-03-12T17:33:31","modified_gmt":"2025-03-12T20:33:31","slug":"periodicidade-do-lucro-tributavel-e-integracao-entre-pessoa-fisica-e-pessoa-juridica-o-caso-do-prejuizo-fiscal-na-extincao-da-pessoa-juridica","status":"publish","type":"post","link":"https:\/\/schoueri.com.br\/en\/periodicidade-do-lucro-tributavel-e-integracao-entre-pessoa-fisica-e-pessoa-juridica-o-caso-do-prejuizo-fiscal-na-extincao-da-pessoa-juridica\/","title":{"rendered":"Periodicidade do Lucro Tribut\u00e1vel e Integra\u00e7\u00e3o entre Pessoa F\u00edsica e Pessoa Jur\u00eddica: o caso do Preju\u00edzo Fiscal na Extin\u00e7\u00e3o da Pessoa Jur\u00eddica"},"content":{"rendered":"\t\t<div data-elementor-type=\"wp-post\" data-elementor-id=\"6814\" class=\"elementor elementor-6814\">\n\t\t\t\t\t\t<section class=\"elementor-section elementor-top-section elementor-element elementor-element-e21b30c elementor-section-boxed elementor-section-height-default elementor-section-height-default\" data-id=\"e21b30c\" data-element_type=\"section\">\n\t\t\t\t\t\t<div class=\"elementor-container elementor-column-gap-default\">\n\t\t\t\t\t<div class=\"elementor-column elementor-col-100 elementor-top-column elementor-element elementor-element-26689fd\" data-id=\"26689fd\" data-element_type=\"column\">\n\t\t\t<div class=\"elementor-widget-wrap elementor-element-populated\">\n\t\t\t\t\t\t<div class=\"elementor-element elementor-element-a6a1948 elementor-widget elementor-widget-button\" data-id=\"a6a1948\" data-element_type=\"widget\" data-widget_type=\"button.default\">\n\t\t\t\t<div class=\"elementor-widget-container\">\n\t\t\t\t\t\t\t\t\t<div class=\"elementor-button-wrapper\">\n\t\t\t\t\t<a class=\"elementor-button elementor-button-link elementor-size-sm\" href=\"https:\/\/schoueri.com.br\/wp-content\/uploads\/2025\/03\/Periodicidade-do-Lucro-Tributavel-e-Integracao-entre-Pessoa-Fisica-e-Pessoa-Juiridica_o-caso-do-Prejuizo-Fiscal-na-Extincao-da-Pessoa-Juridica.pdf\">\n\t\t\t\t\t\t<span class=\"elementor-button-content-wrapper\">\n\t\t\t\t\t\t\t\t\t<span class=\"elementor-button-text\">PDF<\/span>\n\t\t\t\t\t<\/span>\n\t\t\t\t\t<\/a>\n\t\t\t\t<\/div>\n\t\t\t\t\t\t\t\t<\/div>\n\t\t\t\t<\/div>\n\t\t\t\t\t<\/div>\n\t\t<\/div>\n\t\t\t\t\t<\/div>\n\t\t<\/section>\n\t\t\t\t<section class=\"elementor-section elementor-top-section elementor-element elementor-element-15ed30b elementor-section-boxed elementor-section-height-default elementor-section-height-default\" data-id=\"15ed30b\" data-element_type=\"section\">\n\t\t\t\t\t\t<div class=\"elementor-container elementor-column-gap-default\">\n\t\t\t\t\t<div class=\"elementor-column elementor-col-100 elementor-top-column elementor-element elementor-element-3c33792\" data-id=\"3c33792\" data-element_type=\"column\">\n\t\t\t<div class=\"elementor-widget-wrap elementor-element-populated\">\n\t\t\t\t\t\t<div class=\"elementor-element elementor-element-5b67c64 elementor-widget elementor-widget-text-editor\" data-id=\"5b67c64\" data-element_type=\"widget\" data-widget_type=\"text-editor.default\">\n\t\t\t\t<div class=\"elementor-widget-container\">\n\t\t\t\t\t\t\t\t\t<div class=\"elementor-element elementor-element-f28ba8b elementor-widget elementor-widget-theme-post-content\" data-id=\"f28ba8b\" data-element_type=\"widget\" data-widget_type=\"theme-post-content.default\"><div class=\"elementor-widget-container\"><div class=\"elementor elementor-6990\" data-elementor-type=\"wp-post\" data-elementor-id=\"6990\"><section class=\"elementor-section elementor-top-section elementor-element elementor-element-bbeff42 elementor-section-boxed elementor-section-height-default elementor-section-height-default\" data-id=\"bbeff42\" data-element_type=\"section\"><div class=\"elementor-container elementor-column-gap-default\"><div class=\"elementor-column elementor-col-100 elementor-top-column elementor-element elementor-element-a986f0b\" data-id=\"a986f0b\" data-element_type=\"column\"><div class=\"elementor-widget-wrap elementor-element-populated\"><div class=\"elementor-element elementor-element-93a5820 elementor-widget elementor-widget-text-editor\" data-id=\"93a5820\" data-element_type=\"widget\" data-widget_type=\"text-editor.default\"><div class=\"elementor-widget-container\"><p>SCHOUERI, L. E.; GALDINO, G. . Periodicidade do Lucro Tribut\u00e1vel e Integra\u00e7\u00e3o entre Pessoa F\u00edsica e Pessoa Jur\u00eddica: o caso do Preju\u00edzo Fiscal na Extin\u00e7\u00e3o da Pessoa Jur\u00eddica. In: Ana Claudia Borges de Oliveira; Tadeu Puretz. (Org.). Colet\u00e2nea 100 Anos do CARF. 1 ed. S\u00e3o Paulo: NSM Editora, 2024, v. 1, p. 347-374.<\/p><\/div><\/div><\/div><\/div><\/div><\/section><\/div><\/div><\/div><div class=\"elementor-element elementor-element-2999f0b elementor-widget-divider--view-line elementor-widget elementor-widget-divider\" data-id=\"2999f0b\" data-element_type=\"widget\" data-widget_type=\"divider.default\"><div class=\"elementor-widget-container\"><div class=\"elementor-divider\">\u00a0<\/div><\/div><\/div>\t\t\t\t\t\t\t\t<\/div>\n\t\t\t\t<\/div>\n\t\t\t\t\t<\/div>\n\t\t<\/div>\n\t\t\t\t\t<\/div>\n\t\t<\/section>\n\t\t\t\t<\/div>\n\t\t","protected":false},"excerpt":{"rendered":"<p>PDF SCHOUERI, L. E.; GALDINO, G. . Periodicidade do Lucro Tribut\u00e1vel e Integra\u00e7\u00e3o entre Pessoa F\u00edsica e Pessoa Jur\u00eddica: o caso do Preju\u00edzo Fiscal na Extin\u00e7\u00e3o da Pessoa Jur\u00eddica. In: Ana Claudia Borges de Oliveira; Tadeu Puretz. (Org.). Colet\u00e2nea 100 Anos do CARF. 1 ed. S\u00e3o Paulo: NSM Editora, 2024, v. 1, p. 347-374. \u00a0<\/p>\n","protected":false},"author":3,"featured_media":0,"comment_status":"closed","ping_status":"closed","sticky":false,"template":"","format":"standard","meta":{"_acf_changed":false,"site-sidebar-layout":"default","site-content-layout":"default","ast-global-header-display":"","ast-banner-title-visibility":"","ast-main-header-display":"","ast-hfb-above-header-display":"","ast-hfb-below-header-display":"","ast-hfb-mobile-header-display":"","site-post-title":"","ast-breadcrumbs-content":"","ast-featured-img":"","footer-sml-layout":"","theme-transparent-header-meta":"","adv-header-id-meta":"","stick-header-meta":"","header-above-stick-meta":"","header-main-stick-meta":"","header-below-stick-meta":"","footnotes":"","_wp_rev_ctl_limit":""},"categories":[48],"tags":[],"class_list":["post-6814","post","type-post","status-publish","format-standard","hentry","category-articles-book-chapters"],"acf":[],"_links":{"self":[{"href":"https:\/\/schoueri.com.br\/en\/wp-json\/wp\/v2\/posts\/6814","targetHints":{"allow":["GET"]}}],"collection":[{"href":"https:\/\/schoueri.com.br\/en\/wp-json\/wp\/v2\/posts"}],"about":[{"href":"https:\/\/schoueri.com.br\/en\/wp-json\/wp\/v2\/types\/post"}],"author":[{"embeddable":true,"href":"https:\/\/schoueri.com.br\/en\/wp-json\/wp\/v2\/users\/3"}],"replies":[{"embeddable":true,"href":"https:\/\/schoueri.com.br\/en\/wp-json\/wp\/v2\/comments?post=6814"}],"version-history":[{"count":0,"href":"https:\/\/schoueri.com.br\/en\/wp-json\/wp\/v2\/posts\/6814\/revisions"}],"wp:attachment":[{"href":"https:\/\/schoueri.com.br\/en\/wp-json\/wp\/v2\/media?parent=6814"}],"wp:term":[{"taxonomy":"category","embeddable":true,"href":"https:\/\/schoueri.com.br\/en\/wp-json\/wp\/v2\/categories?post=6814"},{"taxonomy":"post_tag","embeddable":true,"href":"https:\/\/schoueri.com.br\/en\/wp-json\/wp\/v2\/tags?post=6814"}],"curies":[{"name":"wp","href":"https:\/\/api.w.org\/{rel}","templated":true}]}}