{"id":6595,"date":"2021-03-04T15:54:08","date_gmt":"2021-03-04T18:54:08","guid":{"rendered":"https:\/\/schoueri.com.br\/en\/?p=6595"},"modified":"2024-03-29T01:21:31","modified_gmt":"2024-03-29T04:21:31","slug":"legalidade-tributaria-e-o-supremo-tribunal-federal","status":"publish","type":"post","link":"https:\/\/schoueri.com.br\/en\/legalidade-tributaria-e-o-supremo-tribunal-federal\/","title":{"rendered":"Legalidade Tribut\u00e1ria e o Supremo Tribunal Federal"},"content":{"rendered":"\t\t<div data-elementor-type=\"wp-post\" data-elementor-id=\"6595\" class=\"elementor elementor-6595\">\n\t\t\t\t\t\t<section class=\"elementor-section elementor-top-section elementor-element elementor-element-6a368ce elementor-section-boxed elementor-section-height-default elementor-section-height-default\" data-id=\"6a368ce\" data-element_type=\"section\">\n\t\t\t\t\t\t<div class=\"elementor-container elementor-column-gap-default\">\n\t\t\t\t\t<div class=\"elementor-column elementor-col-100 elementor-top-column elementor-element elementor-element-0e89539\" data-id=\"0e89539\" data-element_type=\"column\">\n\t\t\t<div class=\"elementor-widget-wrap elementor-element-populated\">\n\t\t\t\t\t\t<section class=\"elementor-section elementor-inner-section elementor-element elementor-element-f713b6a elementor-section-boxed elementor-section-height-default elementor-section-height-default\" data-id=\"f713b6a\" data-element_type=\"section\">\n\t\t\t\t\t\t<div class=\"elementor-container elementor-column-gap-default\">\n\t\t\t\t\t<div class=\"elementor-column elementor-col-50 elementor-inner-column elementor-element elementor-element-d64fdc2\" data-id=\"d64fdc2\" data-element_type=\"column\">\n\t\t\t<div class=\"elementor-widget-wrap elementor-element-populated\">\n\t\t\t\t\t\t<div class=\"elementor-element elementor-element-299d8b1 elementor-widget elementor-widget-image\" data-id=\"299d8b1\" data-element_type=\"widget\" data-widget_type=\"image.default\">\n\t\t\t\t<div class=\"elementor-widget-container\">\n\t\t\t\t\t\t\t\t\t\t\t\t\t\t\t<img fetchpriority=\"high\" decoding=\"async\" width=\"530\" height=\"752\" src=\"https:\/\/schoueri.com.br\/en\/wp-content\/uploads\/2021\/03\/Legalidade-foto-livro.jpg\" class=\"attachment-large size-large wp-image-6598\" alt=\"\" srcset=\"https:\/\/schoueri.com.br\/en\/wp-content\/uploads\/2021\/03\/Legalidade-foto-livro.jpg 530w, https:\/\/schoueri.com.br\/en\/wp-content\/uploads\/2021\/03\/Legalidade-foto-livro-211x300.jpg 211w\" sizes=\"(max-width: 530px) 100vw, 530px\" \/>\t\t\t\t\t\t\t\t\t\t\t\t\t\t\t<\/div>\n\t\t\t\t<\/div>\n\t\t\t\t\t<\/div>\n\t\t<\/div>\n\t\t\t\t<div class=\"elementor-column elementor-col-50 elementor-inner-column elementor-element elementor-element-742d552\" data-id=\"742d552\" data-element_type=\"column\">\n\t\t\t<div class=\"elementor-widget-wrap elementor-element-populated\">\n\t\t\t\t\t\t<div class=\"elementor-element elementor-element-74c49cc elementor-widget elementor-widget-text-editor\" data-id=\"74c49cc\" data-element_type=\"widget\" data-widget_type=\"text-editor.default\">\n\t\t\t\t<div class=\"elementor-widget-container\">\n\t\t\t\t\t\t\t\t\t<p>O presente livro foi motivado por duas decis\u00f5es proferidas pelo Supremo Tribunal Federal que entendemos serem contr\u00e1rias ao conte\u00fado da Legalidade Tribut\u00e1ria previsto no nosso Ordenamento Jur\u00eddico. Especificamente, trataremos das decis\u00f5es proferidas no Recurso Extraordin\u00e1rio (RE) n. 1.043.313 e na A\u00e7\u00e3o Declarat\u00f3ria de Inconstitucionalidade (ADI) n. 5.277, em julgamento conjunto realizado em 10 de dezembro de 2020, no \u00e2mbito do Plen\u00e1rio Virtual. Apesar de t\u00e3o recentes, tais decis\u00f5es v\u00eam provocando, no ambiente acad\u00eamico, diversas discuss\u00f5es, exigindo, portanto, manifesta\u00e7\u00e3o doutrin\u00e1ria que busque retomar valores caros ao Direito Tribut\u00e1rio Brasileiro.<\/p>\t\t\t\t\t\t\t\t<\/div>\n\t\t\t\t<\/div>\n\t\t\t\t<div class=\"elementor-element elementor-element-231ad3b elementor-widget elementor-widget-button\" data-id=\"231ad3b\" data-element_type=\"widget\" data-widget_type=\"button.default\">\n\t\t\t\t<div class=\"elementor-widget-container\">\n\t\t\t\t\t\t\t\t\t<div class=\"elementor-button-wrapper\">\n\t\t\t\t\t<a class=\"elementor-button elementor-button-link elementor-size-sm\" href=\"https:\/\/skybox.skymail.net.br\/s\/XzDQb3HW9jaHaGG\">\n\t\t\t\t\t\t<span class=\"elementor-button-content-wrapper\">\n\t\t\t\t\t\t\t\t\t<span class=\"elementor-button-text\">Download<\/span>\n\t\t\t\t\t<\/span>\n\t\t\t\t\t<\/a>\n\t\t\t\t<\/div>\n\t\t\t\t\t\t\t\t<\/div>\n\t\t\t\t<\/div>\n\t\t\t\t\t<\/div>\n\t\t<\/div>\n\t\t\t\t\t<\/div>\n\t\t<\/section>\n\t\t\t\t\t<\/div>\n\t\t<\/div>\n\t\t\t\t\t<\/div>\n\t\t<\/section>\n\t\t\t\t<\/div>\n\t\t","protected":false},"excerpt":{"rendered":"<p>O presente livro foi motivado por duas decis\u00f5es proferidas pelo Supremo Tribunal Federal que entendemos serem contr\u00e1rias ao conte\u00fado da Legalidade Tribut\u00e1ria previsto no nosso Ordenamento Jur\u00eddico. Especificamente, trataremos das decis\u00f5es proferidas no Recurso Extraordin\u00e1rio (RE) n. 1.043.313 e na A\u00e7\u00e3o Declarat\u00f3ria de Inconstitucionalidade (ADI) n. 5.277, em julgamento conjunto realizado em 10 de dezembro &hellip;<\/p>\n<p class=\"read-more\"> <a class=\"\" href=\"https:\/\/schoueri.com.br\/en\/legalidade-tributaria-e-o-supremo-tribunal-federal\/\"> <span class=\"screen-reader-text\">Legalidade Tribut\u00e1ria e o Supremo Tribunal Federal<\/span> Leia mais &raquo;<\/a><\/p>\n","protected":false},"author":3,"featured_media":4674,"comment_status":"closed","ping_status":"closed","sticky":false,"template":"","format":"standard","meta":{"_acf_changed":false,"site-sidebar-layout":"default","site-content-layout":"default","ast-global-header-display":"","ast-banner-title-visibility":"","ast-main-header-display":"","ast-hfb-above-header-display":"","ast-hfb-below-header-display":"","ast-hfb-mobile-header-display":"","site-post-title":"","ast-breadcrumbs-content":"","ast-featured-img":"","footer-sml-layout":"","theme-transparent-header-meta":"default","adv-header-id-meta":"","stick-header-meta":"default","header-above-stick-meta":"","header-main-stick-meta":"","header-below-stick-meta":"","footnotes":"","_wp_rev_ctl_limit":""},"categories":[50],"tags":[73],"class_list":["post-6595","post","type-post","status-publish","format-standard","has-post-thumbnail","hentry","category-books","tag-limitacoes-constitucionais-ao-poder-de-tributar-legalidade"],"acf":[],"_links":{"self":[{"href":"https:\/\/schoueri.com.br\/en\/wp-json\/wp\/v2\/posts\/6595","targetHints":{"allow":["GET"]}}],"collection":[{"href":"https:\/\/schoueri.com.br\/en\/wp-json\/wp\/v2\/posts"}],"about":[{"href":"https:\/\/schoueri.com.br\/en\/wp-json\/wp\/v2\/types\/post"}],"author":[{"embeddable":true,"href":"https:\/\/schoueri.com.br\/en\/wp-json\/wp\/v2\/users\/3"}],"replies":[{"embeddable":true,"href":"https:\/\/schoueri.com.br\/en\/wp-json\/wp\/v2\/comments?post=6595"}],"version-history":[{"count":0,"href":"https:\/\/schoueri.com.br\/en\/wp-json\/wp\/v2\/posts\/6595\/revisions"}],"wp:featuredmedia":[{"embeddable":true,"href":"https:\/\/schoueri.com.br\/en\/wp-json\/wp\/v2\/media\/4674"}],"wp:attachment":[{"href":"https:\/\/schoueri.com.br\/en\/wp-json\/wp\/v2\/media?parent=6595"}],"wp:term":[{"taxonomy":"category","embeddable":true,"href":"https:\/\/schoueri.com.br\/en\/wp-json\/wp\/v2\/categories?post=6595"},{"taxonomy":"post_tag","embeddable":true,"href":"https:\/\/schoueri.com.br\/en\/wp-json\/wp\/v2\/tags?post=6595"}],"curies":[{"name":"wp","href":"https:\/\/api.w.org\/{rel}","templated":true}]}}