{"id":5922,"date":"2020-10-29T15:37:45","date_gmt":"2020-10-29T18:37:45","guid":{"rendered":"https:\/\/schoueri.com.br\/en\/?p=5922"},"modified":"2020-11-04T19:15:24","modified_gmt":"2020-11-04T22:15:24","slug":"adi-2446-paragrafo-unico-do-art-116-ctn","status":"publish","type":"post","link":"https:\/\/schoueri.com.br\/en\/adi-2446-paragrafo-unico-do-art-116-ctn\/","title":{"rendered":"ADI 2446. Par\u00e1grafo \u00danico do art. 116, CTN"},"content":{"rendered":"\t\t<div data-elementor-type=\"wp-post\" data-elementor-id=\"5922\" class=\"elementor elementor-5922\">\n\t\t\t\t\t\t<section class=\"elementor-section elementor-top-section elementor-element elementor-element-33524dd1 elementor-section-boxed elementor-section-height-default elementor-section-height-default\" data-id=\"33524dd1\" data-element_type=\"section\">\n\t\t\t\t\t\t<div class=\"elementor-container elementor-column-gap-default\">\n\t\t\t\t\t<div class=\"elementor-column elementor-col-100 elementor-top-column elementor-element elementor-element-2523a350\" data-id=\"2523a350\" data-element_type=\"column\">\n\t\t\t<div class=\"elementor-widget-wrap elementor-element-populated\">\n\t\t\t\t\t\t<div class=\"elementor-element elementor-element-2eb9cf64 elementor-widget elementor-widget-text-editor\" data-id=\"2eb9cf64\" data-element_type=\"widget\" data-widget_type=\"text-editor.default\">\n\t\t\t\t<div class=\"elementor-widget-container\">\n\t\t\t\t\t\t\t\t\t<p><\/p>\n<p>ABRADT<\/p>\n<p>Nesta sexta (24\/7), \u00e0s 10h, a Abradt exibe a 12\u00aa edi\u00e7\u00e3o do Observat\u00f3rio da Jurisprud\u00eancia, com o tema: ADI 2446. Par\u00e1grafo \u00fanico do art. 116, CTN.<\/p>\n<p>Debatedores:<\/p>\n<p>\u2022 Roberto Quiroga Mosquera &#8211; Professor de Direito Tribut\u00e1rio da USP e do mestrado profissional da FGV-DIREITO-SP<\/p>\n<p>\u2022 Luis Eduardo Schoueri &#8211; Professor Titular de Direito Tribut\u00e1rio da Faculdade de Direito da USP e Vice-Presidente do IBDT<\/p>\n<p>\u2022 Lana Borges &#8211; Coordenadora de Estrat\u00e9gias Judiciais da Fazenda Nacional &#8211; CAEJ<\/p>\n<p>\u2022 Lu\u00eds Fl\u00e1vio Neto &#8211; Coordenador do Mestrado Profissional em Tributa\u00e7\u00e3o Internacional do IBDT, ex-conselheiro do CARF<\/p>\n<p>\u2022 Leonardo Alvim &#8211; Procurador da Fazenda Nacional. Pesquisador do Insper\/SP. Professor da ESDHC e Diretor da Abradt<\/p>\n<p>\u2022 S\u00e9rgio Andr\u00e9 Rocha &#8211; Professor de Direito Financeiro e Tribut\u00e1rio da UERJ<\/p>\n<p>\u2022 Valter Lobato &#8211; Presidente da Abradt e professor da UFMG<\/p>\n<p>\u00a0<\/p>\n<p><\/p>\n<p><\/p>\n<figure>\n<div>\u00a0<\/div>\n<\/figure>\n<p><\/p>\t\t\t\t\t\t\t\t<\/div>\n\t\t\t\t<\/div>\n\t\t\t\t<div class=\"elementor-element elementor-element-3966433 elementor-widget elementor-widget-video\" data-id=\"3966433\" data-element_type=\"widget\" data-settings=\"{&quot;youtube_url&quot;:&quot;https:\\\/\\\/www.youtube.com\\\/watch?v=UDjChT7ibnA&amp;t=10s&quot;,&quot;video_type&quot;:&quot;youtube&quot;,&quot;controls&quot;:&quot;yes&quot;}\" data-widget_type=\"video.default\">\n\t\t\t\t<div class=\"elementor-widget-container\">\n\t\t\t\t\t\t\t<div class=\"elementor-wrapper elementor-open-inline\">\n\t\t\t<div class=\"elementor-video\"><\/div>\t\t<\/div>\n\t\t\t\t\t\t<\/div>\n\t\t\t\t<\/div>\n\t\t\t\t\t<\/div>\n\t\t<\/div>\n\t\t\t\t\t<\/div>\n\t\t<\/section>\n\t\t\t\t<\/div>\n\t\t","protected":false},"excerpt":{"rendered":"<p>ABRADT Nesta sexta (24\/7), \u00e0s 10h, a Abradt exibe a 12\u00aa edi\u00e7\u00e3o do Observat\u00f3rio da Jurisprud\u00eancia, com o tema: ADI 2446. Par\u00e1grafo \u00fanico do art. 116, CTN. Debatedores: \u2022 Roberto Quiroga Mosquera &#8211; Professor de Direito Tribut\u00e1rio da USP e do mestrado profissional da FGV-DIREITO-SP \u2022 Luis Eduardo Schoueri &#8211; Professor Titular de Direito Tribut\u00e1rio &hellip;<\/p>\n<p class=\"read-more\"> <a class=\"\" href=\"https:\/\/schoueri.com.br\/en\/adi-2446-paragrafo-unico-do-art-116-ctn\/\"> <span class=\"screen-reader-text\">ADI 2446. Par\u00e1grafo \u00danico do art. 116, CTN<\/span> Leia mais &raquo;<\/a><\/p>\n","protected":false},"author":3,"featured_media":5990,"comment_status":"closed","ping_status":"closed","sticky":false,"template":"","format":"standard","meta":{"_acf_changed":false,"site-sidebar-layout":"default","site-content-layout":"default","ast-global-header-display":"","ast-banner-title-visibility":"","ast-main-header-display":"","ast-hfb-above-header-display":"","ast-hfb-below-header-display":"","ast-hfb-mobile-header-display":"","site-post-title":"","ast-breadcrumbs-content":"","ast-featured-img":"","footer-sml-layout":"","theme-transparent-header-meta":"default","adv-header-id-meta":"","stick-header-meta":"default","header-above-stick-meta":"","header-main-stick-meta":"","header-below-stick-meta":"","footnotes":"","_wp_rev_ctl_limit":""},"categories":[51],"tags":[58],"class_list":["post-5922","post","type-post","status-publish","format-standard","has-post-thumbnail","hentry","category-presentations","tag-planejamento-tributario-tax-planning"],"acf":[],"_links":{"self":[{"href":"https:\/\/schoueri.com.br\/en\/wp-json\/wp\/v2\/posts\/5922","targetHints":{"allow":["GET"]}}],"collection":[{"href":"https:\/\/schoueri.com.br\/en\/wp-json\/wp\/v2\/posts"}],"about":[{"href":"https:\/\/schoueri.com.br\/en\/wp-json\/wp\/v2\/types\/post"}],"author":[{"embeddable":true,"href":"https:\/\/schoueri.com.br\/en\/wp-json\/wp\/v2\/users\/3"}],"replies":[{"embeddable":true,"href":"https:\/\/schoueri.com.br\/en\/wp-json\/wp\/v2\/comments?post=5922"}],"version-history":[{"count":0,"href":"https:\/\/schoueri.com.br\/en\/wp-json\/wp\/v2\/posts\/5922\/revisions"}],"wp:featuredmedia":[{"embeddable":true,"href":"https:\/\/schoueri.com.br\/en\/wp-json\/wp\/v2\/media\/5990"}],"wp:attachment":[{"href":"https:\/\/schoueri.com.br\/en\/wp-json\/wp\/v2\/media?parent=5922"}],"wp:term":[{"taxonomy":"category","embeddable":true,"href":"https:\/\/schoueri.com.br\/en\/wp-json\/wp\/v2\/categories?post=5922"},{"taxonomy":"post_tag","embeddable":true,"href":"https:\/\/schoueri.com.br\/en\/wp-json\/wp\/v2\/tags?post=5922"}],"curies":[{"name":"wp","href":"https:\/\/api.w.org\/{rel}","templated":true}]}}