{"id":5869,"date":"2020-04-15T14:39:42","date_gmt":"2020-04-15T17:39:42","guid":{"rendered":"https:\/\/schoueri.com.br\/en\/?p=5869"},"modified":"2020-10-30T11:56:23","modified_gmt":"2020-10-30T14:56:23","slug":"fim-do-voto-de-qualidade-do-carf-privatizacao-ou-justo-equilibrio","status":"publish","type":"post","link":"https:\/\/schoueri.com.br\/en\/fim-do-voto-de-qualidade-do-carf-privatizacao-ou-justo-equilibrio\/","title":{"rendered":"Fim do voto de qualidade do Carf: privatiza\u00e7\u00e3o ou justo equil\u00edbrio?"},"content":{"rendered":"\t\t<div data-elementor-type=\"wp-post\" data-elementor-id=\"5869\" class=\"elementor elementor-5869\">\n\t\t\t\t\t\t<section class=\"elementor-section elementor-top-section elementor-element elementor-element-7a085938 elementor-section-boxed elementor-section-height-default elementor-section-height-default\" data-id=\"7a085938\" data-element_type=\"section\">\n\t\t\t\t\t\t<div class=\"elementor-container elementor-column-gap-default\">\n\t\t\t\t\t<div class=\"elementor-column elementor-col-100 elementor-top-column elementor-element elementor-element-6841146f\" data-id=\"6841146f\" data-element_type=\"column\">\n\t\t\t<div class=\"elementor-widget-wrap elementor-element-populated\">\n\t\t\t\t\t\t<div class=\"elementor-element elementor-element-4e48b52e elementor-widget elementor-widget-text-editor\" data-id=\"4e48b52e\" data-element_type=\"widget\" data-widget_type=\"text-editor.default\">\n\t\t\t\t<div class=\"elementor-widget-container\">\n\t\t\t\t\t\t\t\t\t<p><\/p>\n<p>O Conselho Administrativo de Recursos Fiscais (CARF) \u00e9 o tribunal administrativo tribut\u00e1rio, no \u00e2mbito federal, sendo respons\u00e1vel, em 2019, por um estoque de R$603,77 bilh\u00f5es de reais. Suas C\u00e2maras e Sess\u00f5es possuem composi\u00e7\u00e3o em n\u00famero par, prevendo a legisla\u00e7\u00e3o atual que, em caso de empate, o seu presidente, que sempre \u00e9 um representante fazend\u00e1rio, profira um voto de duplo ou de qualidade. O Plen\u00e1rio da C\u00e2mara incluiu e aprovou uma Emenda Aglunativa, posteriormente, tamb\u00e9m aprovada no Senado, prevendo o fim desse voto de qualidade. Na pr\u00e1tica, isso far\u00e1 com que os conselheiros indicados por Confedera\u00e7\u00f5es e sindicatos tenham maioria nas delibera\u00e7\u00f5es do tribunal. O texto encontra-se para san\u00e7\u00e3o\/veto presidencial, sendo objeto de manifestos apresentados por tributaristas, conselheiros e \u00f3rg\u00e3os de classe. Painelistas: Breno Vasconcelos &#8211; Professor da P\u00f3s-Gradua\u00e7\u00e3o em Direito Tribut\u00e1rio e Pesquisador no Insper. Doutorando pela FGV-SP. Advogado. Leonardo Alvim &#8211; Pesquisador do N\u00facleo de Tributa\u00e7\u00e3o do Insper. Doutorando na UFMG. Procurador da Fazenda Nacional. Luis Eduardo Schoueri &#8211; Professor da USP, Doutor em Direito. Advogado. S\u00e9rgio Andr\u00e9 Rocha &#8211; Professor da UERJ, Doutor em Direito. Advogado. Media\u00e7\u00e3o: Vanessa Rahal Canado (Insper) e B\u00e1rbara Mengardo (editora de Tribut\u00e1rio do JOTA).<\/p>\n<p><\/p>\t\t\t\t\t\t\t\t<\/div>\n\t\t\t\t<\/div>\n\t\t\t\t<div class=\"elementor-element elementor-element-b2ba2ab elementor-widget elementor-widget-video\" data-id=\"b2ba2ab\" data-element_type=\"widget\" data-settings=\"{&quot;youtube_url&quot;:&quot;https:\\\/\\\/www.youtube.com\\\/watch?v=AMul4KG7X04&quot;,&quot;video_type&quot;:&quot;youtube&quot;,&quot;controls&quot;:&quot;yes&quot;}\" data-widget_type=\"video.default\">\n\t\t\t\t<div class=\"elementor-widget-container\">\n\t\t\t\t\t\t\t<div class=\"elementor-wrapper elementor-open-inline\">\n\t\t\t<div class=\"elementor-video\"><\/div>\t\t<\/div>\n\t\t\t\t\t\t<\/div>\n\t\t\t\t<\/div>\n\t\t\t\t\t<\/div>\n\t\t<\/div>\n\t\t\t\t\t<\/div>\n\t\t<\/section>\n\t\t\t\t<\/div>\n\t\t","protected":false},"excerpt":{"rendered":"<p>O Conselho Administrativo de Recursos Fiscais (CARF) \u00e9 o tribunal administrativo tribut\u00e1rio, no \u00e2mbito federal, sendo respons\u00e1vel, em 2019, por um estoque de R$603,77 bilh\u00f5es de reais. Suas C\u00e2maras e Sess\u00f5es possuem composi\u00e7\u00e3o em n\u00famero par, prevendo a legisla\u00e7\u00e3o atual que, em caso de empate, o seu presidente, que sempre \u00e9 um representante fazend\u00e1rio, profira &hellip;<\/p>\n<p class=\"read-more\"> <a class=\"\" href=\"https:\/\/schoueri.com.br\/en\/fim-do-voto-de-qualidade-do-carf-privatizacao-ou-justo-equilibrio\/\"> <span class=\"screen-reader-text\">Fim do voto de qualidade do Carf: privatiza\u00e7\u00e3o ou justo equil\u00edbrio?<\/span> Leia mais &raquo;<\/a><\/p>\n","protected":false},"author":3,"featured_media":6049,"comment_status":"closed","ping_status":"closed","sticky":false,"template":"","format":"standard","meta":{"_acf_changed":false,"site-sidebar-layout":"default","site-content-layout":"default","ast-global-header-display":"","ast-banner-title-visibility":"","ast-main-header-display":"","ast-hfb-above-header-display":"","ast-hfb-below-header-display":"","ast-hfb-mobile-header-display":"","site-post-title":"","ast-breadcrumbs-content":"","ast-featured-img":"","footer-sml-layout":"","theme-transparent-header-meta":"default","adv-header-id-meta":"","stick-header-meta":"default","header-above-stick-meta":"","header-main-stick-meta":"","header-below-stick-meta":"","footnotes":"","_wp_rev_ctl_limit":""},"categories":[51],"tags":[153],"class_list":["post-5869","post","type-post","status-publish","format-standard","has-post-thumbnail","hentry","category-presentations","tag-voto-de-qualidade"],"acf":[],"_links":{"self":[{"href":"https:\/\/schoueri.com.br\/en\/wp-json\/wp\/v2\/posts\/5869","targetHints":{"allow":["GET"]}}],"collection":[{"href":"https:\/\/schoueri.com.br\/en\/wp-json\/wp\/v2\/posts"}],"about":[{"href":"https:\/\/schoueri.com.br\/en\/wp-json\/wp\/v2\/types\/post"}],"author":[{"embeddable":true,"href":"https:\/\/schoueri.com.br\/en\/wp-json\/wp\/v2\/users\/3"}],"replies":[{"embeddable":true,"href":"https:\/\/schoueri.com.br\/en\/wp-json\/wp\/v2\/comments?post=5869"}],"version-history":[{"count":0,"href":"https:\/\/schoueri.com.br\/en\/wp-json\/wp\/v2\/posts\/5869\/revisions"}],"wp:featuredmedia":[{"embeddable":true,"href":"https:\/\/schoueri.com.br\/en\/wp-json\/wp\/v2\/media\/6049"}],"wp:attachment":[{"href":"https:\/\/schoueri.com.br\/en\/wp-json\/wp\/v2\/media?parent=5869"}],"wp:term":[{"taxonomy":"category","embeddable":true,"href":"https:\/\/schoueri.com.br\/en\/wp-json\/wp\/v2\/categories?post=5869"},{"taxonomy":"post_tag","embeddable":true,"href":"https:\/\/schoueri.com.br\/en\/wp-json\/wp\/v2\/tags?post=5869"}],"curies":[{"name":"wp","href":"https:\/\/api.w.org\/{rel}","templated":true}]}}