{"id":5827,"date":"2020-04-29T10:38:56","date_gmt":"2020-04-29T13:38:56","guid":{"rendered":"https:\/\/schoueri.com.br\/en\/?p=5827"},"modified":"2020-10-30T11:52:42","modified_gmt":"2020-10-30T14:52:42","slug":"mais-por-dentro-da-reforma-fiscal-a-proposta-do-governo-2","status":"publish","type":"post","link":"https:\/\/schoueri.com.br\/en\/mais-por-dentro-da-reforma-fiscal-a-proposta-do-governo-2\/","title":{"rendered":"Mais por dentro da Reforma Fiscal &#8211; A Proposta do Governo"},"content":{"rendered":"\t\t<div data-elementor-type=\"wp-post\" data-elementor-id=\"5827\" class=\"elementor elementor-5827\">\n\t\t\t\t\t\t<section class=\"elementor-section elementor-top-section elementor-element elementor-element-7a085938 elementor-section-boxed elementor-section-height-default elementor-section-height-default\" data-id=\"7a085938\" data-element_type=\"section\">\n\t\t\t\t\t\t<div class=\"elementor-container elementor-column-gap-default\">\n\t\t\t\t\t<div class=\"elementor-column elementor-col-100 elementor-top-column elementor-element elementor-element-6841146f\" data-id=\"6841146f\" data-element_type=\"column\">\n\t\t\t<div class=\"elementor-widget-wrap elementor-element-populated\">\n\t\t\t\t\t\t<div class=\"elementor-element elementor-element-4e48b52e elementor-widget elementor-widget-text-editor\" data-id=\"4e48b52e\" data-element_type=\"widget\" data-widget_type=\"text-editor.default\">\n\t\t\t\t<div class=\"elementor-widget-container\">\n\t\t\t\t\t\t\t\t\t<p><\/p>\n<p>CCBL &#8211; C\u00e2mara de Com\u00e9rcio Brasil-L\u00edbano<\/p>\n<p>Na primeira parte da &#8220;live&#8221; Mais por dentro da Reforma Fiscal, em 29.07.2020, Schoueri reflete sobre sobre a anunciada proposta do Executivo.<\/p>\n<p><\/p>\t\t\t\t\t\t\t\t<\/div>\n\t\t\t\t<\/div>\n\t\t\t\t<div class=\"elementor-element elementor-element-4546f5f elementor-widget elementor-widget-video\" data-id=\"4546f5f\" data-element_type=\"widget\" data-settings=\"{&quot;youtube_url&quot;:&quot;https:\\\/\\\/www.youtube.com\\\/watch?v=g3UOdzn6lRk&quot;,&quot;video_type&quot;:&quot;youtube&quot;,&quot;controls&quot;:&quot;yes&quot;}\" data-widget_type=\"video.default\">\n\t\t\t\t<div class=\"elementor-widget-container\">\n\t\t\t\t\t\t\t<div class=\"elementor-wrapper elementor-open-inline\">\n\t\t\t<div class=\"elementor-video\"><\/div>\t\t<\/div>\n\t\t\t\t\t\t<\/div>\n\t\t\t\t<\/div>\n\t\t\t\t\t<\/div>\n\t\t<\/div>\n\t\t\t\t\t<\/div>\n\t\t<\/section>\n\t\t\t\t<\/div>\n\t\t","protected":false},"excerpt":{"rendered":"<p>CCBL &#8211; C\u00e2mara de Com\u00e9rcio Brasil-L\u00edbano Na primeira parte da &#8220;live&#8221; Mais por dentro da Reforma Fiscal, em 29.07.2020, Schoueri reflete sobre sobre a anunciada proposta do Executivo. https:\/\/www.youtube.com\/watch?v=g3UOdzn6lRk<\/p>\n","protected":false},"author":3,"featured_media":6037,"comment_status":"closed","ping_status":"closed","sticky":false,"template":"","format":"standard","meta":{"_acf_changed":false,"site-sidebar-layout":"default","site-content-layout":"default","ast-global-header-display":"","ast-banner-title-visibility":"","ast-main-header-display":"","ast-hfb-above-header-display":"","ast-hfb-below-header-display":"","ast-hfb-mobile-header-display":"","site-post-title":"","ast-breadcrumbs-content":"","ast-featured-img":"","footer-sml-layout":"","theme-transparent-header-meta":"default","adv-header-id-meta":"","stick-header-meta":"default","header-above-stick-meta":"","header-main-stick-meta":"","header-below-stick-meta":"","footnotes":"","_wp_rev_ctl_limit":""},"categories":[51],"tags":[151],"class_list":["post-5827","post","type-post","status-publish","format-standard","has-post-thumbnail","hentry","category-presentations","tag-reforma-tributaria"],"acf":[],"_links":{"self":[{"href":"https:\/\/schoueri.com.br\/en\/wp-json\/wp\/v2\/posts\/5827","targetHints":{"allow":["GET"]}}],"collection":[{"href":"https:\/\/schoueri.com.br\/en\/wp-json\/wp\/v2\/posts"}],"about":[{"href":"https:\/\/schoueri.com.br\/en\/wp-json\/wp\/v2\/types\/post"}],"author":[{"embeddable":true,"href":"https:\/\/schoueri.com.br\/en\/wp-json\/wp\/v2\/users\/3"}],"replies":[{"embeddable":true,"href":"https:\/\/schoueri.com.br\/en\/wp-json\/wp\/v2\/comments?post=5827"}],"version-history":[{"count":0,"href":"https:\/\/schoueri.com.br\/en\/wp-json\/wp\/v2\/posts\/5827\/revisions"}],"wp:featuredmedia":[{"embeddable":true,"href":"https:\/\/schoueri.com.br\/en\/wp-json\/wp\/v2\/media\/6037"}],"wp:attachment":[{"href":"https:\/\/schoueri.com.br\/en\/wp-json\/wp\/v2\/media?parent=5827"}],"wp:term":[{"taxonomy":"category","embeddable":true,"href":"https:\/\/schoueri.com.br\/en\/wp-json\/wp\/v2\/categories?post=5827"},{"taxonomy":"post_tag","embeddable":true,"href":"https:\/\/schoueri.com.br\/en\/wp-json\/wp\/v2\/tags?post=5827"}],"curies":[{"name":"wp","href":"https:\/\/api.w.org\/{rel}","templated":true}]}}