{"id":4440,"date":"2019-04-26T12:01:31","date_gmt":"2019-04-26T15:01:31","guid":{"rendered":"https:\/\/schoueri.com.br\/en\/?p=4440"},"modified":"2020-10-30T11:59:06","modified_gmt":"2020-10-30T14:59:06","slug":"luis-eduardo-schoueri-a-insercao-do-brasil-no-cenario-tributario-internacional-e-admissao-na-ocde","status":"publish","type":"post","link":"https:\/\/schoueri.com.br\/en\/luis-eduardo-schoueri-a-insercao-do-brasil-no-cenario-tributario-internacional-e-admissao-na-ocde\/","title":{"rendered":"A Inser\u00e7\u00e3o do Brasil no Cen\u00e1rio Tribut\u00e1rio Internacional e Admiss\u00e3o na OCDE"},"content":{"rendered":"\t\t<div data-elementor-type=\"wp-post\" data-elementor-id=\"4440\" class=\"elementor elementor-4440\">\n\t\t\t\t\t\t<section class=\"elementor-section elementor-top-section elementor-element elementor-element-5ce42fac elementor-section-boxed elementor-section-height-default elementor-section-height-default\" data-id=\"5ce42fac\" data-element_type=\"section\">\n\t\t\t\t\t\t<div class=\"elementor-container elementor-column-gap-default\">\n\t\t\t\t\t<div class=\"elementor-column elementor-col-100 elementor-top-column elementor-element elementor-element-1f6b4b5b\" data-id=\"1f6b4b5b\" data-element_type=\"column\">\n\t\t\t<div class=\"elementor-widget-wrap elementor-element-populated\">\n\t\t\t\t\t\t<div class=\"elementor-element elementor-element-26eac0ae elementor-widget elementor-widget-text-editor\" data-id=\"26eac0ae\" data-element_type=\"widget\" data-widget_type=\"text-editor.default\">\n\t\t\t\t<div class=\"elementor-widget-container\">\n\t\t\t\t\t\t\t\t\t<p><\/p>\n<p>IV Congresso de Direito Tribut\u00e1rio do Rio de Janeiro &#8211; Dia 1 &#8211; Sess\u00e3o Plen\u00e1ria B &#8211; A Inser\u00e7\u00e3o do Brasil no Cen\u00e1rio Tribut\u00e1rio Internacional e sua Admiss\u00e3o na OCDE.<\/p>\n<p>Palestra: Luis Eduardo Schoueri &#8211; Doutor e Professor Titular da USP Composi\u00e7\u00e3o da Mesa Chair: Marcus Livio Gomes &#8211; Juiz Federal Palestrantes: Dali Bouzoraa Gerd Willi Rothmann Deputy Chair OECD\/CTP Grace Perez-Navarro Luis Eduardo Schoueri Sergio Andr\u00e9 Rocha Secret\u00e1rio: Michel Haber Associa\u00e7\u00e3o Brasileira de Direito Financeiro.<\/p>\n<p><\/p>\t\t\t\t\t\t\t\t<\/div>\n\t\t\t\t<\/div>\n\t\t\t\t<div class=\"elementor-element elementor-element-8b1f958 elementor-widget elementor-widget-video\" data-id=\"8b1f958\" data-element_type=\"widget\" data-settings=\"{&quot;youtube_url&quot;:&quot;https:\\\/\\\/www.youtube.com\\\/watch?v=SzE0NEpcCho&amp;feature&quot;,&quot;video_type&quot;:&quot;youtube&quot;,&quot;controls&quot;:&quot;yes&quot;}\" data-widget_type=\"video.default\">\n\t\t\t\t<div class=\"elementor-widget-container\">\n\t\t\t\t\t\t\t<div class=\"elementor-wrapper elementor-open-inline\">\n\t\t\t<div class=\"elementor-video\"><\/div>\t\t<\/div>\n\t\t\t\t\t\t<\/div>\n\t\t\t\t<\/div>\n\t\t\t\t\t<\/div>\n\t\t<\/div>\n\t\t\t\t\t<\/div>\n\t\t<\/section>\n\t\t\t\t<\/div>\n\t\t","protected":false},"excerpt":{"rendered":"<p>IV Congresso de Direito Tribut\u00e1rio do Rio de Janeiro &#8211; Dia 1 &#8211; Sess\u00e3o Plen\u00e1ria B &#8211; A Inser\u00e7\u00e3o do Brasil no Cen\u00e1rio Tribut\u00e1rio Internacional e sua Admiss\u00e3o na OCDE. Palestra: Luis Eduardo Schoueri &#8211; Doutor e Professor Titular da USP Composi\u00e7\u00e3o da Mesa Chair: Marcus Livio Gomes &#8211; Juiz Federal Palestrantes: Dali Bouzoraa Gerd &hellip;<\/p>\n<p class=\"read-more\"> <a class=\"\" href=\"https:\/\/schoueri.com.br\/en\/luis-eduardo-schoueri-a-insercao-do-brasil-no-cenario-tributario-internacional-e-admissao-na-ocde\/\"> <span class=\"screen-reader-text\">A Inser\u00e7\u00e3o do Brasil no Cen\u00e1rio Tribut\u00e1rio Internacional e Admiss\u00e3o na OCDE<\/span> Leia mais &raquo;<\/a><\/p>\n","protected":false},"author":3,"featured_media":4563,"comment_status":"closed","ping_status":"closed","sticky":false,"template":"","format":"standard","meta":{"_acf_changed":false,"site-sidebar-layout":"default","site-content-layout":"default","ast-global-header-display":"","ast-banner-title-visibility":"","ast-main-header-display":"","ast-hfb-above-header-display":"","ast-hfb-below-header-display":"","ast-hfb-mobile-header-display":"","site-post-title":"","ast-breadcrumbs-content":"","ast-featured-img":"","footer-sml-layout":"","theme-transparent-header-meta":"default","adv-header-id-meta":"","stick-header-meta":"default","header-above-stick-meta":"","header-main-stick-meta":"","header-below-stick-meta":"","footnotes":"","_wp_rev_ctl_limit":""},"categories":[51],"tags":[53],"class_list":["post-4440","post","type-post","status-publish","format-standard","has-post-thumbnail","hentry","category-presentations","tag-direito-tributario-internacional-international-tax-law"],"acf":[],"_links":{"self":[{"href":"https:\/\/schoueri.com.br\/en\/wp-json\/wp\/v2\/posts\/4440","targetHints":{"allow":["GET"]}}],"collection":[{"href":"https:\/\/schoueri.com.br\/en\/wp-json\/wp\/v2\/posts"}],"about":[{"href":"https:\/\/schoueri.com.br\/en\/wp-json\/wp\/v2\/types\/post"}],"author":[{"embeddable":true,"href":"https:\/\/schoueri.com.br\/en\/wp-json\/wp\/v2\/users\/3"}],"replies":[{"embeddable":true,"href":"https:\/\/schoueri.com.br\/en\/wp-json\/wp\/v2\/comments?post=4440"}],"version-history":[{"count":0,"href":"https:\/\/schoueri.com.br\/en\/wp-json\/wp\/v2\/posts\/4440\/revisions"}],"wp:featuredmedia":[{"embeddable":true,"href":"https:\/\/schoueri.com.br\/en\/wp-json\/wp\/v2\/media\/4563"}],"wp:attachment":[{"href":"https:\/\/schoueri.com.br\/en\/wp-json\/wp\/v2\/media?parent=4440"}],"wp:term":[{"taxonomy":"category","embeddable":true,"href":"https:\/\/schoueri.com.br\/en\/wp-json\/wp\/v2\/categories?post=4440"},{"taxonomy":"post_tag","embeddable":true,"href":"https:\/\/schoueri.com.br\/en\/wp-json\/wp\/v2\/tags?post=4440"}],"curies":[{"name":"wp","href":"https:\/\/api.w.org\/{rel}","templated":true}]}}